{"id":2308,"date":"2021-10-07T18:11:56","date_gmt":"2021-10-07T18:11:56","guid":{"rendered":"https:\/\/douazeci.ro\/?p=2308"},"modified":"2021-11-26T12:09:45","modified_gmt":"2021-11-26T12:09:45","slug":"perioada-de-proba-incepe-doar-dupa-ce-contractul-de-munca-este-semnat-nu-inainte","status":"publish","type":"post","link":"https:\/\/douazeci.ro\/?p=2308","title":{"rendered":"Perioada de prob\u0103 \u00eencepe doar dup\u0103 ce contractul de munc\u0103 este semnat, nu \u00eenainte"},"content":{"rendered":"\n<p class=\"has-drop-cap\">Codul muncii stabile\u0219te c\u0103 perioada de prob\u0103 poate fi stabilit\u0103 \u00een momentul \u00een care se \u00eencheie un contract individual de munc\u0103 (CIM), nu \u00eenainte de asta. Mai mult, angajatorii care supun candida\u021bii la o perioad\u0103 de prob\u0103 f\u0103r\u0103 a avea un contract de munc\u0103 \u00eenregistrat, chiar \u0219i dac\u0103 este vorba doar de c\u00e2teva zile, risc\u0103 amenzi ustur\u0103toare.<\/p>\n\n\n\n<p>Un prim aspect, cel mai important de altfel, pe care \u00eel reg\u0103sim \u00een Codul muncii este c\u0103<\/p>\n\n\n\n<blockquote class=\"wp-block-quote is-layout-flow wp-block-quote-is-layout-flow\"><p> \u201cla \u00eencheierea contractului individual de munc\u0103 se poate stabili o perioad\u0103 de prob\u0103\u201d.<\/p><\/blockquote>\n\n\n\n<p>Dac\u0103 at\u00e2t angajatorul, c\u00e2t \u0219i candidatul sunt de acord \u0219i semneaz\u0103 CIM-ul, perioada de prob\u0103 poate \u00eencepe oficial.<\/p>\n\n\n\n<p><strong>Important!<\/strong> Contractul de munc\u0103 \u0219i, implicit, perioada de prob\u0103 \u00ee\u0219i produc efectele, de obicei, \u00een ziua urm\u0103toare semn\u0103rii documentelor de munc\u0103, nu \u00een aceea\u0219i zi (asta dac\u0103 actele nu se semneaz\u0103 cu mai mult timp \u00eenainte de \u00eenceperea muncii).<\/p>\n\n\n\n<p>Firmele care nu respect\u0103 aceast\u0103 prevedere \u0219i supun candida\u021bii la o perioad\u0103 de prob\u0103 \u00eenainte s\u0103 \u00eencheie cu ace\u0219tia un contract de munc\u0103 risc\u0103 <strong>amenzi pentru munc\u0103 nedeclarat\u0103.<\/strong><\/p>\n\n\n\n<p>\u00cen cazul unui control al inspectorilor teritoriali de munc\u0103, angajatorii care au la munc\u0103 persoane cu care nu au \u00eencheiat un CIM risc\u0103 amenzi de <strong>20.000 lei,<\/strong> pentru fiecare persoan\u0103 astfel descoperit\u0103.<\/p>\n\n\n\n<h2 id=\"avantajele-stabilirii-unei-perioade-de-proba\" class=\"wp-block-heading\">Avantajele stabilirii unei perioade de prob\u0103<\/h2>\n\n\n\n<p>Perioada de prob\u0103 nu este impus\u0103 de legisla\u021bie, deci nu este obligatorie, Codul muncii stabilind aceast\u0103 perioad\u0103 ca un instrument pentru a testa cuno\u0219tin\u021bele \u0219i aptitudinile salariatului. \u00cen plus, contractul de munc\u0103 poate fi \u00eencheiat \u0219i f\u0103r\u0103 aceast\u0103 perioad\u0103.<\/p>\n\n\n\n<p>Perioada de prob\u0103 poate avea o durat\u0103 maxim\u0103 de 90 de zile calendaristice pentru func\u021biile de execu\u021bie \u0219i de cel mult 120 de zile calendaristice pentru func\u021biile de conducere \u00een cadrul CIM-urilor cu durat\u0103 nedeterminat\u0103. Chiar \u0219i pentru contractele cu durat\u0103 fix\u0103 poate fi stabilit\u0103 legal o perioada de prob\u0103, ce poate fi cuprins\u0103 \u00eentre 5 \u0219i 45 de zile, \u00een func\u021bie de durata contractului.<\/p>\n\n\n\n<p>Unul dintre cele mai importante avantaje ale perioadei de prob\u0103 este c\u0103, din moment ce este men\u021bionat\u0103 \u00een contract \u0219i agreat\u0103 de ambele p\u0103r\u021bi, <strong>\u00eei ofer\u0103 angajatorului posibilitatea de a \u00eenceta rela\u021biile de munc\u0103 de pe o zi pe alta,<\/strong> f\u0103r\u0103 a mai fi nevoie s\u0103 respecte <a href=\"https:\/\/avocatnet.ro\/articol_54976\/Ce-drepturi-ai-in-caz-de-concediere-preaviz-plata-integral%C4%83-a-zilelor-de-concediu-neefectuate-%C8%99i-alte-aspecte-importante.html\" data-type=\"URL\" data-id=\"https:\/\/avocatnet.ro\/articol_54976\/Ce-drepturi-ai-in-caz-de-concediere-preaviz-plata-integral%C4%83-a-zilelor-de-concediu-neefectuate-%C8%99i-alte-aspecte-importante.html\" target=\"_blank\" rel=\"noreferrer noopener\"><strong>obliga\u021biile <\/strong><\/a><strong><a href=\"https:\/\/avocatnet.ro\/articol_54976\/Ce-drepturi-ai-in-caz-de-concediere-preaviz-plata-integral%C4%83-a-zilelor-de-concediu-neefectuate-%C8%99i-alte-aspecte-importante.html\" data-type=\"URL\" data-id=\"https:\/\/avocatnet.ro\/articol_54976\/Ce-drepturi-ai-in-caz-de-concediere-preaviz-plata-integral%C4%83-a-zilelor-de-concediu-neefectuate-%C8%99i-alte-aspecte-importante.html\" target=\"_blank\" rel=\"noreferrer noopener\">impuse de concediere<\/a> <\/strong>\u0219i f\u0103r\u0103 a-\u0219i motiva decizia.<\/p>\n\n\n\n<p>\u00cen contrapartid\u0103, \u0219i salariatul \u00ee\u0219i poate da demisia f\u0103r\u0103 a sta \u00een preaviz, dac\u0103 pleac\u0103 de la locul de munc\u0103 \u00een timp ce se afl\u0103 \u00een perioada de prob\u0103. Singura condi\u021bie care se aplic\u0103 ambelor p\u0103r\u021bi este ca <strong>notificarea de \u00eencetare a rela\u021biilor de munc\u0103 s\u0103 fie f\u0103cut\u0103 \u00een scris.<\/strong><\/p>\n\n\n\n<p>Chiar dac\u0103 se afl\u0103 \u00eentr-o perioad\u0103 de prob\u0103, salariatul se bucur\u0103 de toate drepturile \u0219i are acelea\u0219i obliga\u021bii ca \u0219i salaria\u021bii permanen\u021bi, respectiv plata salariului, dreptul la concediu de odihn\u0103, dar \u0219i obliga\u021biile legate de securitatea \u0219i s\u0103n\u0103tatea \u00een munc\u0103 sau cele legate de respectarea programului de munc\u0103, a\u0219a cum a fost agreat la semnarea CIM.<\/p>\n\n\n\n<pre class=\"wp-block-verse\"><strong>Bine de \u0219tiut: <\/strong>Guvernul lucreaz\u0103 la un proiect de lege ce vizeaz\u0103 transpunerea \u00een Codul muncii a unei directive europene privind regulile de \u021bin de rela\u021bia dintre angajatori \u0219i salaria\u021bi. Printre modific\u0103rile ce vor fi aduse se num\u0103r\u0103 stabilirea unei perioade maxime de prob\u0103 de \u0219ase luni de zile, precum \u0219i majorarea perioadei de prob\u0103 \u00een cazul \u00een care lucr\u0103torul absenteaz\u0103 de la munc\u0103, pe motiv de boal\u0103 sau concediu.<\/pre>\n\n\n\n<h2 id=\"acte-necesare-la-angajare\" class=\"wp-block-heading\">Acte necesare la angajare<\/h2>\n\n\n\n<p>\u00cenainte de semnarea unui contract de munc\u0103, angajatorul trebuie s\u0103 solicite candidatului:<\/p>\n\n\n\n<ul class=\"wp-block-list\"><li>cererea salariatului privind participarea la selec\u021bia \u00een vederea ocup\u0103rii unui post;<\/li><li>CV-ul;<\/li><li>fi\u0219a de observa\u021bie\/de evaluare la interviu (\u00eentocmirea acestei fi\u0219e este facultativ\u0103, \u00eens\u0103, dac\u0103 a fost folosit\u0103, este bine s\u0103 fie inclus\u0103 \u00een dosarul personal);<\/li><li>lucrarea scris\u0103 \u0219i\/sau evaluarea practic\u0103, \u00een caz de concurs;<\/li><li>informarea prealabil\u0103 la \u00eentocmirea \u0219i\/sau modificarea contractului individual de munc\u0103 (conform art. 17 din Codul muncii) &#8211; foarte util\u0103 angajatorului, care \u00een caz de litigii trebuie s\u0103 dovedeasc\u0103 faptul c\u0103 salariatul fusese informat despre coordonatele viitorului contract individual de munc\u0103;<\/li><li>buletin\/carte de identitate (copie);<\/li><li>acte de studii;<\/li><li>autoriza\u021bii \u0219i avize cerute de lege pentru salaria\u021bi;<\/li><li>cazierul judiciar (ce poate fi cerut doar de anumi\u021bi angajatori)<\/li><li>acte privind starea civil\u0103;<\/li><li>certificate de na\u0219tere pentru copii \u0219i declara\u021bie privind persoana care are copii \u00een \u00eentre\u021binere (documente utile deoarece, conform Codului fiscal, contribuabilii care au persoane \u00een \u00eentre\u021binere beneficiaz\u0103 de anumite <strong><a href=\"https:\/\/avocatnet.ro\/articol_50211\/Deducerea-personal%C4%83-2021-In-ce-condi%C8%9Bii-pot-beneficia-salaria%C8%9Bii-de-aceasta.htm\" data-type=\"URL\" data-id=\"https:\/\/avocatnet.ro\/articol_50211\/Deducerea-personal%C4%83-2021-In-ce-condi%C8%9Bii-pot-beneficia-salaria%C8%9Bii-de-aceasta.htm\" target=\"_blank\" rel=\"noreferrer noopener\">deduceri din salariu<\/a><\/strong>);<\/li><li>adeverin\u021be privind timpul lucrat \u00een alte unit\u0103\u021bi;<\/li><li>foto tip buletin pentru legitima\u021bie (unde este cazul);<\/li><li>certificat medical \u2013 document ce poate fi eliberat de medicul de familie sau de cel de medicina muncii;<\/li><li>alte acte care certific\u0103 situa\u021bia social\u0103 \u0219i\/sau de s\u0103n\u0103tate a salariatului.<\/li><\/ul>\n\n\n\n<p>Reamintim c\u0103 angajatorii ar trebui s\u0103 se limiteze doar la strictul necesar atunci c\u00e2nd vorbim de <strong><a href=\"https:\/\/avocatnet.ro\/articol_53614\/GDPR-La-angajare-firmele-nu-pot-cere-permisul-auto-%C8%99i-cazierul-judiciar-pentru-orice-viitor-salariat.html\" data-type=\"URL\" data-id=\"https:\/\/avocatnet.ro\/articol_53614\/GDPR-La-angajare-firmele-nu-pot-cere-permisul-auto-%C8%99i-cazierul-judiciar-pentru-orice-viitor-salariat.html\" target=\"_blank\" rel=\"noreferrer noopener\">documentele solicitate \u00een procesul de angajare<\/a><\/strong>. Printre acestea se num\u0103r\u0103 permisul auto, care trebuie cerut doar dac\u0103 angajatul urmeaz\u0103 s\u0103 conduc\u0103 o ma\u0219in\u0103 de serviciu, \u0219i <strong><a href=\"https:\/\/avocatnet.ro\/articol_58421\/Cazier-judiciar-2021-Documentul-are-un-nou-format-%C8%99i-au-ap%C4%83rut-nout%C4%83%C8%9Bi-la-procedura-de-ob%C8%9Binere.html\" data-type=\"URL\" data-id=\"https:\/\/avocatnet.ro\/articol_58421\/Cazier-judiciar-2021-Documentul-are-un-nou-format-%C8%99i-au-ap%C4%83rut-nout%C4%83%C8%9Bi-la-procedura-de-ob%C8%9Binere.html\" target=\"_blank\" rel=\"noreferrer noopener\">cazierul judiciar<\/a><\/strong>, care trebuie s\u0103 fie solicitat numai pentru anumite posturi.<\/p>\n\n\n\n<p>Documentele din lista de mai sus trebuie str\u00e2nse de c\u0103tre angajator \u00een <strong><a href=\"https:\/\/www.avocatnet.ro\/articol_41519\/Dosarul-salariatului-2020-Epidemia-oblig%C4%83-angajatorii-s%C4%83-revizuiasc%C4%83-dosarul-fiec%C4%83rui-angajat-Ce-documente-trebuie-ad%C4%83ugate.html\" data-type=\"URL\" data-id=\"https:\/\/www.avocatnet.ro\/articol_41519\/Dosarul-salariatului-2020-Epidemia-oblig%C4%83-angajatorii-s%C4%83-revizuiasc%C4%83-dosarul-fiec%C4%83rui-angajat-Ce-documente-trebuie-ad%C4%83ugate.html\" target=\"_blank\" rel=\"noreferrer noopener\">dosarul personal al salariatului<\/a><\/strong>, ce trebuie p\u0103strat \u00een bune condi\u021bii la sediul firmei \u0219i ce trebuie prezentat inspectorilor de munc\u0103 \u00een cadrul controalelor.<\/p>\n\n\n\n<p>\u00cen plus fa\u021b\u0103 de documentele men\u021bionate, dosarul personal trebuie s\u0103 mai cuprind\u0103 \u0219i:<\/p>\n\n\n\n<ul class=\"wp-block-list\"><li>contractul individual de munc\u0103 \u0219i actele adi\u021bionale ale acestuia;<\/li><li>documentele \u00eentocmite \u00een executarea contractului: evalu\u0103ri, cereri pentru concediu de \u00eengrijire a copilului, cereri pentru plata salariului \u00een avans, concediul de formare profesional\u0103, eviden\u021ba concediilor medicale \u0219i de odihn\u0103 \u0219i altele asemenea, precum \u0219i sanc\u021biunile disciplinare primite;<\/li><li>documente privind evolu\u021bia salariatului, cum ar fi evalu\u0103ri periodice, test\u0103ri, chestionare, participarea la diverse \u00eentruniri;<\/li><li>documente \u00eentocmite la \u00eencetarea contractului de munc\u0103: nota de lichidare, demisia, \u00eencetarea contractului prin acordul p\u0103r\u021bilor \u0219i altele.<\/li><\/ul>\n\n\n\n<p><strong>Lipsa acestui dosar<\/strong> <strong>personal <\/strong>pentru fiecare salariat le poate aduce angajatorilor amenzi cuprinse \u00eentre <strong>2.000 \u0219i 5.000 lei.<\/strong><\/p>\n","protected":false},"excerpt":{"rendered":"Codul muncii stabile\u0219te c\u0103 perioada de prob\u0103 poate fi stabilit\u0103 \u00een momentul \u00een care se \u00eencheie un contract&hellip;\n","protected":false},"author":1,"featured_media":2474,"comment_status":"closed","ping_status":"closed","sticky":false,"template":"","format":"standard","meta":{"footnotes":""},"categories":[1],"tags":[],"class_list":{"0":"post-2308","1":"post","2":"type-post","3":"status-publish","4":"format-standard","5":"has-post-thumbnail","7":"category-primul-job"},"_links":{"self":[{"href":"https:\/\/douazeci.ro\/index.php?rest_route=\/wp\/v2\/posts\/2308","targetHints":{"allow":["GET"]}}],"collection":[{"href":"https:\/\/douazeci.ro\/index.php?rest_route=\/wp\/v2\/posts"}],"about":[{"href":"https:\/\/douazeci.ro\/index.php?rest_route=\/wp\/v2\/types\/post"}],"author":[{"embeddable":true,"href":"https:\/\/douazeci.ro\/index.php?rest_route=\/wp\/v2\/users\/1"}],"replies":[{"embeddable":true,"href":"https:\/\/douazeci.ro\/index.php?rest_route=%2Fwp%2Fv2%2Fcomments&post=2308"}],"version-history":[{"count":1,"href":"https:\/\/douazeci.ro\/index.php?rest_route=\/wp\/v2\/posts\/2308\/revisions"}],"predecessor-version":[{"id":2309,"href":"https:\/\/douazeci.ro\/index.php?rest_route=\/wp\/v2\/posts\/2308\/revisions\/2309"}],"wp:featuredmedia":[{"embeddable":true,"href":"https:\/\/douazeci.ro\/index.php?rest_route=\/wp\/v2\/media\/2474"}],"wp:attachment":[{"href":"https:\/\/douazeci.ro\/index.php?rest_route=%2Fwp%2Fv2%2Fmedia&parent=2308"}],"wp:term":[{"taxonomy":"category","embeddable":true,"href":"https:\/\/douazeci.ro\/index.php?rest_route=%2Fwp%2Fv2%2Fcategories&post=2308"},{"taxonomy":"post_tag","embeddable":true,"href":"https:\/\/douazeci.ro\/index.php?rest_route=%2Fwp%2Fv2%2Ftags&post=2308"}],"curies":[{"name":"wp","href":"https:\/\/api.w.org\/{rel}","templated":true}]}}