{"id":3093,"date":"2022-02-28T03:55:22","date_gmt":"2022-02-28T03:55:22","guid":{"rendered":"https:\/\/douazeci.ro\/?p=3093"},"modified":"2022-02-28T03:55:26","modified_gmt":"2022-02-28T03:55:26","slug":"pfa-urile-si-profesionistii-pot-fi-controlati-si-de-alti-inspectori-decat-cei-din-raza-domiciliului-ce-se-intampla-cu-verificarile-in-perioada-de-tranzitie","status":"publish","type":"post","link":"https:\/\/douazeci.ro\/?p=3093","title":{"rendered":"PFA-urile \u0219i profesioni\u0219tii pot fi controla\u021bi \u0219i de al\u021bi inspectori dec\u00e2t cei din raza domiciliului. Ce se \u00eent\u00e2mpl\u0103 cu verific\u0103rile \u00een perioada de tranzi\u021bie"},"content":{"rendered":"\n<p class=\"has-drop-cap\">PFA-urile \u0219i profesioni\u0219tii sunt administra\u021bi, de la 1 ianuarie 2022, de organul fiscal din zona domiciliului fiscal al persoanelor fizice, astfel c\u0103 tot de acolo pot veni \u00een control \u0219i inspectorii cu atribu\u021bii de inspec\u021bie fiscal\u0103, potrivit unui ordin recent al ANAF (p\u00e2n\u0103 acum, interac\u021biunea se f\u0103cea, de principiu, cu organul fiscal din raza sediului activit\u0103\u021bii sau din raza locului unde se desf\u0103\u0219ura efectiv activitatea principal\u0103). <\/p>\n\n\n\n<p class=\"has-drop-cap\">Cu toate acestea, exist\u0103 posibilitatea ca verific\u0103rile s\u0103 fie f\u0103cute \u0219i de inspectori din alte zone, dac\u0103 se deleag\u0103 competen\u021ba. <\/p>\n\n\n\n<blockquote class=\"wp-block-quote is-layout-flow wp-block-quote-is-layout-flow\"><p>Ac\u021biunile de control fiscal la persoanele fizice care desf\u0103\u0219oar\u0103 activit\u0103\u021bi economice \u00een mod independent sau exercit\u0103 profesii libere&nbsp;se efectueaz\u0103 de c\u0103tre personalul cu atribu\u021bii de inspec\u021bie fiscal\u0103 din cadrul organului fiscal competent&nbsp;<em>(<strong>adic\u0103 cel de la domiciliul fiscal al persoanei fizice &#8211;<\/strong>&nbsp;n. red.)<\/em> pentru administrarea obliga\u021biilor fiscale datorate de persoanele fizice care desf\u0103\u0219oar\u0103 activit\u0103\u021bi economice \u00een mod independent sau exercit\u0103 profesii libere, potrivit legii. Prin excep\u021bie (&#8230;), se pot efectua ac\u021biuni de control fiscal la persoanele fizice care desf\u0103\u0219oar\u0103 activit\u0103\u021bi economice \u00een mod independent sau exercit\u0103 profesii libere&nbsp;\u0219i de c\u0103tre alte structuri de inspec\u021bie fiscal\u0103, prin delegare de competen\u021b\u0103.<\/p><cite>Ordinul ANAF 2.021\/2021, actul normativ care&nbsp;a schimbat regulile dup\u0103 care PFA-urile \u0219i profesioni\u0219tii interac\u021bioneaz\u0103 cu Fiscul.<\/cite><\/blockquote>\n\n\n\n<p>Totodat\u0103, este prev\u0103zut c\u0103, de la 1 ianuarie 2022, activitatea de control fiscal la PFA-uri \u0219i profesioni\u0219ti se face \u00een baza regulilor titlului VI din Codul de procedur\u0103 fiscal\u0103. Adic\u0103 titlul referitor la controlul fiscal, ce cuprinde, \u00een esen\u021b\u0103, regulile inspec\u021biilor fiscale, ale controalelor inopinate \u0219i ale verific\u0103rilor documentare.<\/p>\n\n\n\n<p>Important de \u0219tiut este c\u0103 ordinul respectiv face referire \u0219i la<strong>&nbsp;<\/strong>controalele fiscale demarate&nbsp;<strong>\u00eenainte de predarea dosarelor fiscale<\/strong> ale persoanelor fizice&nbsp;de la vechiul organ la noul organ de administrare. Astfel, iat\u0103 ce reguli tranzitorii se aplic\u0103 \u00een acest caz.<\/p>\n\n\n\n<p><strong>Inspec\u021bii fiscale:<\/strong><\/p>\n\n\n\n<ul class=\"wp-block-list\"><li>ac\u021biunile pentru care au fost&nbsp;<strong>comunicate avize<\/strong>&nbsp;\u0219i care n-au fost \u00eencepute p\u00e2n\u0103 la termenul de predare-primire a dosarului fiscal sunt f\u0103cute de organele care au emis avizele; \u00een acest sens, p\u00e2n\u0103 la data de \u00eencepere a inspec\u021biei fiscale trebuie ob\u021binut\u0103 neap\u0103rat o delegare de competen\u021b\u0103, altfel controlul nu se poate face; actele de control fiscal \u00eencheiate (inclusiv actele administrativ-fiscale emise) vor fi transmise noului organ fiscal competent;<br><\/li><li>ac\u021biunile care au fost&nbsp;<strong>\u00eencepute efectiv<\/strong>&nbsp;(adic\u0103 o echip\u0103 s-a prezentat deja la contribuabil \u0219i s-a stabilit data de \u00eencepere a inspec\u021biei fiscale) \u0219i n-au fost terminate p\u00e2n\u0103 la termenul de predare-primire a dosarului fiscal sunt finalizate de organele de inspec\u021bie fiscal\u0103 care le-au ini\u021biat; actele de control fiscal \u00eencheiate (inclusiv actele administrativ-fiscale emise) vor fi transmise noului organ fiscal competent.<\/li><\/ul>\n\n\n\n<p><strong>Controale inopinate:<\/strong><\/p>\n\n\n\n<ul class=\"wp-block-list\"><li>ac\u021biunile pentru care au fost&nbsp;<strong>emise ordine de serviciu<\/strong>&nbsp;\u0219i care n-au fost \u00eencepute p\u00e2n\u0103 la termenul de predare-primire a dosarului fiscal sunt eliminate din programul de activitate al structurii care a emis ordinul de serviciu; practic, \u00eentreaga documenta\u021bie care a stat la baza deciziei de derulare a controlului inopinat se transmite la noul organ fiscal competent, care apoi trebuie s\u0103 fac\u0103 o analiz\u0103 proprie \u0219i s\u0103 decid\u0103 dac\u0103 verificarea mai este necesar\u0103;<br><\/li><li>ac\u021biunile care au fost<strong>&nbsp;\u00eencepute efectiv&nbsp;<\/strong>(adic\u0103 o echip\u0103 s-a prezentat deja la contribuabil \u0219i s-a stabilit data de \u00eencepere a controlului inopinat) \u0219i n-au fost terminate p\u00e2n\u0103 la termenul de predare-primire a dosarului fiscal sunt finalizate de organele care le-au ini\u021biat; actele de control fiscal \u00eencheiate (inclusiv actele administrativ-fiscale emise) vor fi transmise noului organ fiscal competent.<\/li><\/ul>\n\n\n\n<p><strong>Verific\u0103rile documentare:<\/strong><\/p>\n\n\n\n<ul class=\"wp-block-list\"><li>ac\u021biunile pentru care, p\u00e2n\u0103 la termenul de predare-primire a dosarului fiscal,&nbsp;<strong>s-a transmis invita\u021bia pentru audiere sau s-a f\u0103cut audierea<\/strong>&nbsp;vor fi finalizate de organul fiscal care le-a ini\u021biat; actele de control fiscal \u00eencheiate (inclusiv actele administrativ-fiscale emise) vor fi transmise noului organ fiscal competent;<br><\/li><li>ac\u021biunile pentru care&nbsp;<strong>nu s-a ajuns la transmiterea invita\u021biei sau la audiere<\/strong>, \u00eentreaga documenta\u021bie se pred\u0103 noului organ fiscal competent, care va face o analiz\u0103 proprie \u0219i va decide dac\u0103 e cazul pentru ini\u021bierea unei noi ac\u021biuni de verificare documentar\u0103.<\/li><\/ul>\n\n\n\n<p>\u00cen fine, dac\u0103&nbsp;<strong>PFA-urile \u0219i profesioni\u0219tii verifica\u021bi vor s\u0103 fac\u0103 o contesta\u021bie<\/strong>&nbsp;la actele administrativ-fiscale emise \u00een cazurile de mai sus, acestea se depun la organele fiscale care au emis actele respective. Ulterior, dosarele vor ajunge, pentru solu\u021bionare, la organele fiscale ce erau competente la data la care s-au depus efectiv contesta\u021biile. <\/p>\n","protected":false},"excerpt":{"rendered":"PFA-urile \u0219i profesioni\u0219tii sunt administra\u021bi, de la 1 ianuarie 2022, de organul fiscal din zona domiciliului fiscal al&hellip;\n","protected":false},"author":1,"featured_media":3184,"comment_status":"closed","ping_status":"open","sticky":false,"template":"","format":"standard","meta":{"footnotes":""},"categories":[6],"tags":[],"class_list":{"0":"post-3093","1":"post","2":"type-post","3":"status-publish","4":"format-standard","5":"has-post-thumbnail","7":"category-tineri-antreprenori"},"_links":{"self":[{"href":"https:\/\/douazeci.ro\/index.php?rest_route=\/wp\/v2\/posts\/3093","targetHints":{"allow":["GET"]}}],"collection":[{"href":"https:\/\/douazeci.ro\/index.php?rest_route=\/wp\/v2\/posts"}],"about":[{"href":"https:\/\/douazeci.ro\/index.php?rest_route=\/wp\/v2\/types\/post"}],"author":[{"embeddable":true,"href":"https:\/\/douazeci.ro\/index.php?rest_route=\/wp\/v2\/users\/1"}],"replies":[{"embeddable":true,"href":"https:\/\/douazeci.ro\/index.php?rest_route=%2Fwp%2Fv2%2Fcomments&post=3093"}],"version-history":[{"count":4,"href":"https:\/\/douazeci.ro\/index.php?rest_route=\/wp\/v2\/posts\/3093\/revisions"}],"predecessor-version":[{"id":3185,"href":"https:\/\/douazeci.ro\/index.php?rest_route=\/wp\/v2\/posts\/3093\/revisions\/3185"}],"wp:featuredmedia":[{"embeddable":true,"href":"https:\/\/douazeci.ro\/index.php?rest_route=\/wp\/v2\/media\/3184"}],"wp:attachment":[{"href":"https:\/\/douazeci.ro\/index.php?rest_route=%2Fwp%2Fv2%2Fmedia&parent=3093"}],"wp:term":[{"taxonomy":"category","embeddable":true,"href":"https:\/\/douazeci.ro\/index.php?rest_route=%2Fwp%2Fv2%2Fcategories&post=3093"},{"taxonomy":"post_tag","embeddable":true,"href":"https:\/\/douazeci.ro\/index.php?rest_route=%2Fwp%2Fv2%2Ftags&post=3093"}],"curies":[{"name":"wp","href":"https:\/\/api.w.org\/{rel}","templated":true}]}}