{"id":3195,"date":"2022-03-03T09:34:56","date_gmt":"2022-03-03T09:34:56","guid":{"rendered":"https:\/\/douazeci.ro\/?p=3195"},"modified":"2022-03-04T04:14:44","modified_gmt":"2022-03-04T04:14:44","slug":"lelia-grigore-ferencz-grigore-tacu-sca-cand-intri-in-profesie-trebuie-sa-ai-indrazneala-din-plin-sa-iti-asumi-unde-vrei-sa-ajungi-si-sa-mergi-pe-propria-cale","status":"publish","type":"post","link":"https:\/\/douazeci.ro\/?p=3195","title":{"rendered":"Lelia Grigore, Ferentz Grigore Tacu SCA: C\u00e2nd intri \u00een profesie, trebuie s\u0103 ai \u00eendr\u0103zneal\u0103 din plin, s\u0103 \u00ee\u021bi asumi unde vrei s\u0103 ajungi \u0219i s\u0103 mergi pe propria cale"},"content":{"rendered":"\n<p class=\"has-drop-cap is-style-default is-cnvs-dropcap-simple\">Riscurile inerente oric\u0103rui business pot fi dep\u0103\u0219ite dac\u0103 \u0219tii ce \u00ee\u021bi dore\u0219ti \u0219i \u00ee\u021bi setezi realist at\u00e2t \u021bintele, c\u00e2t \u0219i a\u0219tept\u0103rile, spune <strong>Lelia Grigore<\/strong>, avocat specializat \u00een drept fiscal \u0219i dreptul afacerilor. Apoi, spune Lelia, ca s\u0103 reu\u0219e\u0219ti mai trebuie \u021binut cont de unul dintre elementele principale pe care un avocat le are de gestionat: \u00eencrederea clien\u021bilor, care e greu de ob\u021binut, dar u\u0219or de pierdut. Printre lucrurile pe care Leliei i-ar fi pl\u0103cut s\u0103 le \u0219tie la \u00eenceput de drum e acela c\u0103 e \u00een regul\u0103 s\u0103 \u00eendr\u0103zne\u0219ti, la fel cum e \u00een regul\u0103 \u0219i s\u0103 gre\u0219e\u0219ti, at\u00e2ta c\u00e2t timp \u00eenve\u021bi din asta. Dac\u0103 e s\u0103 identifice abilitatea care a ajutat-o s\u0103 dep\u0103\u0219easc\u0103 momentele grele din carier\u0103, Lelia nume\u0219te capacitatea de a nu intra \u00een panic\u0103 \u0219i insisten\u021ba \u00een a c\u0103uta solu\u021bia chiar \u0219i \u00een momentele \u00een care, matematic, pare imposibil ca ea s\u0103 existe, pentru c\u0103 atunci c\u00e2nd a \u201esim\u021bit-o\u201d, solu\u021bia a venit.       <\/p>\n\n\n\n<div class=\"wp-block-media-text alignwide is-stacked-on-mobile\" style=\"grid-template-columns:42% auto\"><figure class=\"wp-block-media-text__media\"><img loading=\"lazy\" decoding=\"async\" width=\"500\" height=\"700\" src=\"https:\/\/douazeci.ro\/wp-content\/uploads\/2022\/02\/Imagini-CSR-Interviuri-3.png\" alt=\"\" class=\"wp-image-3219 size-full\" srcset=\"https:\/\/douazeci.ro\/wp-content\/uploads\/2022\/02\/Imagini-CSR-Interviuri-3.png 500w, https:\/\/douazeci.ro\/wp-content\/uploads\/2022\/02\/Imagini-CSR-Interviuri-3-214x300.png 214w, https:\/\/douazeci.ro\/wp-content\/uploads\/2022\/02\/Imagini-CSR-Interviuri-3-380x532.png 380w\" sizes=\"auto, (max-width: 500px) 100vw, 500px\" \/><\/figure><div class=\"wp-block-media-text__content\">\n<p class=\"has-large-font-size\">Carte de vizit\u0103<\/p>\n\n\n\n<figure class=\"wp-block-table is-style-stripes\"><table><tbody><tr><td>Nume:<\/td><td><strong>Lelia Grigore<\/strong><\/td><\/tr><tr><td>Func\u021bie:<\/td><td><strong>Partener<\/strong><\/td><\/tr><tr><td>Arie de practic\u0103:<\/td><td><strong>drept fiscal<\/strong>,<br><strong>dreptul afacerilor<\/strong><\/td><\/tr><tr><td>Companie:<\/td><td><strong>Ferentz Grigore Tacu SCA<\/strong><\/td><\/tr><tr><td>Experien\u021b\u0103:<\/td><td><strong>11+ ani<\/strong><\/td><\/tr><tr><td><\/td><td><\/td><\/tr><\/tbody><\/table><\/figure>\n<\/div><\/div>\n\n\n\n<ul class=\"wp-block-list\"><li><strong>Dac\u0103 ar fi s\u0103 aleag\u0103 un drum, chiar de la \u00eenceputuri, ce \u00eei sf\u0103tuie\u0219ti pe tinerii absolven\u021bi s\u0103 fac\u0103: s\u0103 se angajeze consultant in-house la o companie, s\u0103 mearg\u0103 la o companie de consultan\u021b\u0103 ori s\u0103 \u00eencerce s\u0103-\u0219i deschid\u0103 propria afacere?<\/strong><\/li><\/ul>\n\n\n\n<p>Cred c\u0103 cea mai bun\u0103 variant\u0103 la \u00eenceput de drum este cea \u00een care ai parte de ghidaj \u0219i de modele. Stilul de lucru se formeaz\u0103 \u00een timp \u0219i, chiar dac\u0103 este adaptat personalit\u0103\u021bii fiec\u0103ruia dintre noi, conteaz\u0103 felul \u00een care ne \u201edisciplin\u0103m\u201d de la \u00eenceput. De asemenea, ghidajul unui mentor \u00eenseamn\u0103, sau e ideal s\u0103 \u00eensemne, posibilitatea de a avea aproape pe cineva cu un nivel de profesionalism ridicat, care s\u0103 poat\u0103 r\u0103spunde \u00eentreb\u0103rilor, s\u0103 corecteze acolo unde e cazul. Primii ani din profesie sunt cei \u00een care eu cred c\u0103 ai r\u0103gaz s\u0103 completezi formarea din facultate. Acestea se pot \u00eent\u00e2mpla dac\u0103 e\u0219ti consultant in-house sau lucrezi \u00eentr-o companie de consultan\u021b\u0103.<\/p>\n\n\n\n<p><strong>Dac\u0103 ar fi s\u0103 ai iar 18 -20 ani, \u021bi-ai planifica altfel studiile academice? Ai urma aceea\u0219i facultate sau ai alege alta? Ai urma, \u00een paralel, \u0219i alte studii care s\u0103 te ajute s\u0103-\u021bi diversifici cuno\u0219tin\u021bele? Ai lucra \u00een alte locuri, \u00een facultate?<\/strong><\/p>\n\n\n\n<p>Eu am f\u0103cut mult\u0103 practic\u0103 \u00een facultate \u0219i cred c\u0103 asta e esen\u021bial pentru a-\u021bi da seama ce-\u021bi place s\u0103 faci. Probabil a\u0219 urma aceea\u0219i facultate, \u00eens\u0103 a\u0219 fi mai \u201einsistent\u0103\u201d \u00een a profita de sprijinul profesorilor pe care i-am avut, a\u0219 renun\u021ba la \u201eru\u0219inea\u201d de a pune \u00eentreb\u0103ri, mult prea bine cunoscut\u0103 sistemului nostru de \u00eenv\u0103\u021b\u0103m\u00e2nt. Pe de alt\u0103 parte, cred c\u0103 a\u0219 aloca mai mult timp dezvolt\u0103rii personale \u2013 experien\u021belor tr\u0103ite, sportului, cititului.<\/p>\n\n\n\n<p><strong>Procentul antreprenorilor care e\u0219ueaz\u0103 \u00een primii ani de via\u021b\u0103 ai afacerilor lor e foarte mare. Merit\u0103 antreprenoriatul s\u0103-\u021bi asumi riscurile, eforturile \u0219i piedicile pe care le \u00eent\u00e2lne\u0219ti \u00een drum? Exist\u0103 anumite riscuri specifice atunci c\u00e2nd ai propriul t\u0103u business de consultan\u021b\u0103 fa\u021b\u0103 de alte domenii de activitate?<\/strong><\/p>\n\n\n\n<p>Exist\u0103 riscurile inerente oric\u0103rui business \u2013 felul \u00een care le dep\u0103\u0219e\u0219ti poate veni din modul \u00een care \u00ee\u021bi \u201ea\u0219ezi\u201d afacerea, de c\u00e2t de realist setezi ni\u0219te \u021binte \u0219i a\u0219tept\u0103ri \u0219i de c\u00e2t de bine \u0219tii ce \u00ee\u021bi dore\u0219ti. Eu \u00eenc\u0103 lucrez la asta, de fapt sunt la \u00eenceput de drum. \u00cencerc s\u0103 trec de la dimensiunea de \u201esunt avocat, trebuie sa rezolv aceste sarcini profesionale \u0219i cam asta e tot\u201d la cea de business, cuprinz\u00e2nd felul \u00een care v\u0103d dezvoltarea, perspectiva societ\u0103\u021bii, \u00een care \u00eemi asum ni\u0219te targeturi ce \u021bin inclusiv de zona financiar\u0103.<\/p>\n\n\n\n<p>Bine\u00een\u021beles, zona de consultan\u021b\u0103 \u0219i avocatura, \u00een general, este una \u00een care \u201ec\u00e2\u0219tigarea\u201d \u00eencrederii oamenilor e printre elementele principale pe care le ai de gestionat. Clien\u021bii vin la tine dac\u0103 simt c\u0103 din acel moment \u0219i-au luat de pe umeri responsabilitatea unui task juridic, dac\u0103 te percep ca pe un \u201epartener\u201d.&nbsp;Iar \u00eencrederea nu e u\u0219or de ob\u021binut, \u00eens\u0103 este foarte u\u0219or de pierdut.<\/p>\n\n\n\n<p><strong>\u00ce\u021bi po\u021bi aduce aminte despre primul moment \u00een care ai avut de-a face cu un client nemul\u021bumit? Cum ai abordat situa\u021bia?<\/strong><\/p>\n\n\n\n<p>Clien\u021bii \u201enemul\u021bumi\u021bi\u201d sunt, de obicei, cei care \u0219i-au setat ni\u0219te a\u0219tept\u0103ri care nu concord\u0103 cu realitatea; asta poate veni din nivelul lor de a\u0219tept\u0103ri sau din felul defectuos de setare a rela\u021biei, inclusiv din felul \u00een care avocatul sau consultantul a comunicat. Bine\u00een\u021beles, sunt \u0219i cei \u201enemul\u021bumi\u021bi\u201d de rezultat, dar dac\u0103 au \u0219tiut de la \u00eenceput, obiectiv, ce ar putea urma, \u00eei putem \u00eencadra \u00een prima categorie.<\/p>\n\n\n\n<blockquote class=\"wp-block-quote is-layout-flow wp-block-quote-is-layout-flow\"><p>Eu am o abordare care \u00eencepe cu analiza modului \u00een care am transmis informa\u021bia \u2013 oare am explicat clar \u0219i ferm, de la \u00eenceput, ce urmeaz\u0103? Dup\u0103 aceasta, v\u0103d dac\u0103 este o problem\u0103 legat\u0103 de modul de trimitere a mesajului sau una legat\u0103 de recep\u021bionarea lui.&nbsp;<\/p><cite>Lelia Grigore despre cum gestioneaz\u0103 momentele dificile din rela\u021bia cu clien\u021bii<\/cite><\/blockquote>\n\n\n\n<p>Primul client \u201enemul\u021bumit\u201d a fost uimit c\u0103 eu voi fi cea care se va ocupa de dosarul lui. Nu discutase p\u00e2n\u0103 atunci cu mine \u0219i i se p\u0103rea c\u0103 sunt foarte t\u00e2n\u0103r\u0103 \u0219i f\u0103r\u0103 experien\u021b\u0103. Nemul\u021bumirea s-a datorat faptului c\u0103 nu \u0219tia c\u0103 eu voi \u00eendeplini aceast\u0103 sarcin\u0103. L-am asigurat c\u0103 \u0219tiu foarte bine dosarul \u0219i c\u0103 oricum munca mea va fi supervizat\u0103 de altcineva, pentru c\u0103 eu nu cred c\u0103 e loc de ego aici.<\/p>\n\n\n\n<p><strong>Care sunt cele mai importante calit\u0103\u021bi pe care le cau\u021bi la oamenii pe care \u00eei angajezi \u00een compania ta? Ce te impresioneaz\u0103 cel mai mult la un candidat \u00een interviul de angajare?<\/strong><\/p>\n\n\n\n<p>Pasiunea \u0219i motiva\u021bia. Conteaz\u0103 foarte mult, la fel ca dorin\u021ba de evolu\u021bie. Nu caut oameni care s\u0103-mi semene, ci oameni care s\u0103 completeze echipa, \u00eens\u0103 acestea sunt mai mult dec\u00e2t ni\u0219te \u201ecalit\u0103\u021bi\u201d, sunt asem\u0103n\u0103toare unor principii.&nbsp;<\/p>\n\n\n\n<blockquote class=\"wp-block-quote is-layout-flow wp-block-quote-is-layout-flow\"><p>M\u0103 impresioneaz\u0103 de fiecare data oamenii care \u0219tiu s\u0103 spun\u0103 unde sunt, ca punct al carierei, \u0219i ce \u00ee\u0219i doresc mai departe, cei cu o siguran\u021b\u0103 de sine care vine din faptul c\u0103 nu vor s\u0103 par\u0103 altfel dec\u00e2t sunt \u0219i cei care au o \u00eendr\u0103zneal\u0103 \u201efrumoas\u0103\u201d, un fel de perseveren\u021b\u0103 \u00een a ob\u021bine ceea ce \u00ee\u0219i doresc.&nbsp;<\/p><cite>Lelia Grigore despre autocunoa\u0219tere \u0219i determinare<\/cite><\/blockquote>\n\n\n\n<p><strong>Dac\u0103 ai avea de ales dintre mai mul\u021bi absolven\u021bi care aplic\u0103 pentru un job, ai alege pe cei cu note foarte mari, pe toat\u0103 perioada studiilor, f\u0103r\u0103 sa fi lucrat undeva p\u00e2n\u0103 atunci sau pe cei care au lucrat \u0219i \u00een alte locuri, chiar dac\u0103 notele lor nu sunt extraordinare? De ce?<\/strong><\/p>\n\n\n\n<p>Nu pot oferi un r\u0103spuns general, conteaz\u0103 felul \u00een care s-ar prezenta la interviu, dar \u0219tiu sigur c\u0103 notele nu sunt totul. Un plus pentru cei care au mai lucrat poate fi alocat dac\u0103 asta i-a ajutat s\u0103 descopere la ce sunt buni, ce abilit\u0103\u021bi au \u0219i ce \u00ee\u0219i doresc. Asta nu \u00eenseamn\u0103 c\u0103 nu a\u0219 da o \u0219ans\u0103 celor care s-au dedicat studiului.&nbsp;<\/p>\n\n\n\n<p><strong>Ce lucruri \u0219tii acum \u0219i crezi c\u0103 te-ar fi ajutat dac\u0103 le-ai fi aflat sau \u021bi le-ar fi spus cineva c\u00e2nd abia intrai \u00een aceast\u0103 profesie?<\/strong><\/p>\n\n\n\n<p>Cred c\u0103 m-ar fi ajutat s\u0103 \u0219tiu c\u0103 e ok s\u0103 \u00eendr\u0103zne\u0219ti, la fel cum e ok s\u0103 gre\u0219e\u0219ti, c\u00e2t timp \u00eenve\u021bi. Am avut o perioada senza\u021bia c\u0103 trebuie s\u0103 am r\u0103bdare p\u00e2n\u0103 la momentul la care voi \u00eendr\u0103zni s\u0103 fac ni\u0219te lucruri la un anumit nivel profesional, iar acum cred c\u0103, de\u0219i nu trebuie s\u0103 pierzi propor\u021bia lucrurilor, trebuie s\u0103 ai \u00eendr\u0103zneal\u0103 din plin, s\u0103 fii insistent, s\u0103 \u00ee\u021bi asumi unde vrei s\u0103 ajungi \u0219i s\u0103 mergi pe propria cale.&nbsp;<\/p>\n\n\n\n<p><strong>Ce crezi c\u0103 te preg\u0103te\u0219te cel mai bine pentru a fi consultant \u0219i a avea propria afacere de consultan\u021b\u0103?<\/strong><\/p>\n\n\n\n<p>Cred c\u0103 nimic nu te preg\u0103te\u0219te mai bine dec\u00e2t a-\u021bi asuma c\u0103 lucrul cu oamenii este o abilitate \u00een sine, care trebuie dezvoltat\u0103, exersat\u0103. Iar cel mai bun exerci\u021biu este s\u0103 interac\u021bionezi cu c\u00e2t mai mul\u021bi oameni, s\u0103 te expui inten\u021bionat unor provoc\u0103ri de acest tip. <\/p>\n\n\n\n<blockquote class=\"wp-block-quote is-layout-flow wp-block-quote-is-layout-flow\"><p>De asemenea, legat de business, cred c\u0103 are sens s\u0103 \u00eencepi s\u0103 studiezi ce \u00eenseamn\u0103 s\u0103 ai propria afacere, s\u0103 vezi cum trebuie s\u0103 faci un plan de afaceri ca s\u0103 nu te compor\u021bi haotic, poate chiar s\u0103 ai un mentor \u2013 la asta lucrez \u0219i eu acum. P\u0103rerea conform c\u0103reia lucrurile vor merge de la sine nu e una care s\u0103 creeze o construc\u021bie cu o baz\u0103 solid\u0103.<\/p><cite>Lelia Grigore despre cum se cl\u0103de\u0219te o afacere <\/cite><\/blockquote>\n\n\n\n<p><strong>Dac\u0103 ar fi s\u0103 define\u0219ti abilitatea cea mai important\u0103 care te-a ajutat s\u0103 treci peste momentele grele din carier\u0103, care ar fi aceea?<\/strong><\/p>\n\n\n\n<p>Capacitatea de a nu intra \u00een panic\u0103 \u0219i de a \u201esim\u021bi\u201d c\u0103 trebuie s\u0103 existe o solu\u021bie chiar \u0219i \u00een momentele \u00een care, matematic, p\u0103rea imposibil. De fiecare dat\u0103 c\u00e2nd am sim\u021bit c\u0103 exist\u0103 o solu\u021bie, aceasta a venit. Iar mai nou \u00eenv\u0103\u021b s\u0103 am r\u0103bdare \u0219i s\u0103 organizez activitatea pe ni\u0219te linii clar stabilite, astfel \u00eenc\u00e2t s\u0103 pot recalibra, dac\u0103 este cazul. De asemenea, am \u00eenv\u0103\u021bat s\u0103 am \u00eencredere nu doar \u00een mine, ci \u0219i \u00een oamenii de l\u00e2ng\u0103 mine \u0219i s\u0103 cer sprijin.&nbsp;<\/p>\n\n\n\n<hr class=\"wp-block-separator is-style-wide\"\/>\n\n\n\n<div class=\"wp-block-columns is-layout-flex wp-container-core-columns-is-layout-9d6595d7 wp-block-columns-is-layout-flex\">\n<div class=\"wp-block-column is-layout-flow wp-block-column-is-layout-flow\" style=\"flex-basis:100%\">\n<div class=\"wp-block-media-text alignwide has-media-on-the-right is-stacked-on-mobile cnvs-block-core-media-text-1636721419134\" style=\"grid-template-columns:auto 35%\"><figure class=\"wp-block-media-text__media\"><img loading=\"lazy\" decoding=\"async\" width=\"500\" height=\"700\" src=\"https:\/\/douazeci.ro\/wp-content\/uploads\/2022\/02\/Imagini-CSR-Interviuri-3.png\" alt=\"\" class=\"wp-image-3219 size-full\" srcset=\"https:\/\/douazeci.ro\/wp-content\/uploads\/2022\/02\/Imagini-CSR-Interviuri-3.png 500w, https:\/\/douazeci.ro\/wp-content\/uploads\/2022\/02\/Imagini-CSR-Interviuri-3-214x300.png 214w, https:\/\/douazeci.ro\/wp-content\/uploads\/2022\/02\/Imagini-CSR-Interviuri-3-380x532.png 380w\" sizes=\"auto, (max-width: 500px) 100vw, 500px\" \/><\/figure><div class=\"wp-block-media-text__content\">\n<p class=\"has-large-font-size\">Parcurs &amp; repere profesionale<\/p>\n<\/div><\/div>\n<\/div>\n<\/div>\n\n\n\n<ul class=\"is-style-cnvs-list-styled has-black-color has-white-background-color has-text-color has-background cnvs-block-core-list-1569250459398 wp-block-list\"><li>Lelia este membru fondator al FERENTZ GRIGORE TACU SCA, o societate de avocatur\u0103 care acoper\u0103 mai multe arii de drept, cu arie de practic\u0103 \u00een special \u00een zona Prahova \u0219i Bucure\u0219ti.<\/li><li>Timp de cinci ani dup\u0103 ce a devenit avocat, Lelia a acumulat experien\u021b\u0103 \u00een domeniul dreptului civil \u0219i al dreptului afacerilor, dup\u0103 care s-a al\u0103turat echipei Dobrinescu Dobrev, societate de avocatur\u0103 specializat\u0103 \u00een drept fiscal, de unde a plecat pentru a porni \u00een propria sa c\u0103l\u0103torie antreprenorial\u0103.<\/li><li>Lelia a absolvit Facultatea de Drept din cadrul Universit\u0103\u021bii Bucure\u0219ti \u00een 2011 \u0219i a promovat, \u00een acela\u0219i an, examenul de admitere \u00een Baroul Prahova. <\/li><li>De asemenea, Lelia are un masterat \u00een drept fiscal &#8211; ramur\u0103 a dreptului de care se declar\u0103 pasionat\u0103.<\/li><li>Lelia a participat la conferin\u021be \u0219i cursuri de drept fiscal \u0219i dreptul afacerilor &#8211; domenii \u00een care a publicat articole \u00een revistele de specialitate.   <\/li><\/ul>\n","protected":false},"excerpt":{"rendered":"Riscurile inerente oric\u0103rui business pot fi dep\u0103\u0219ite dac\u0103 \u0219tii ce \u00ee\u021bi dore\u0219ti \u0219i \u00ee\u021bi setezi realist at\u00e2t \u021bintele,&hellip;\n","protected":false},"author":1,"featured_media":3220,"comment_status":"closed","ping_status":"closed","sticky":false,"template":"","format":"standard","meta":{"footnotes":""},"categories":[12],"tags":[],"class_list":{"0":"post-3195","1":"post","2":"type-post","3":"status-publish","4":"format-standard","5":"has-post-thumbnail","7":"category-interviuri"},"_links":{"self":[{"href":"https:\/\/douazeci.ro\/index.php?rest_route=\/wp\/v2\/posts\/3195","targetHints":{"allow":["GET"]}}],"collection":[{"href":"https:\/\/douazeci.ro\/index.php?rest_route=\/wp\/v2\/posts"}],"about":[{"href":"https:\/\/douazeci.ro\/index.php?rest_route=\/wp\/v2\/types\/post"}],"author":[{"embeddable":true,"href":"https:\/\/douazeci.ro\/index.php?rest_route=\/wp\/v2\/users\/1"}],"replies":[{"embeddable":true,"href":"https:\/\/douazeci.ro\/index.php?rest_route=%2Fwp%2Fv2%2Fcomments&post=3195"}],"version-history":[{"count":18,"href":"https:\/\/douazeci.ro\/index.php?rest_route=\/wp\/v2\/posts\/3195\/revisions"}],"predecessor-version":[{"id":3247,"href":"https:\/\/douazeci.ro\/index.php?rest_route=\/wp\/v2\/posts\/3195\/revisions\/3247"}],"wp:featuredmedia":[{"embeddable":true,"href":"https:\/\/douazeci.ro\/index.php?rest_route=\/wp\/v2\/media\/3220"}],"wp:attachment":[{"href":"https:\/\/douazeci.ro\/index.php?rest_route=%2Fwp%2Fv2%2Fmedia&parent=3195"}],"wp:term":[{"taxonomy":"category","embeddable":true,"href":"https:\/\/douazeci.ro\/index.php?rest_route=%2Fwp%2Fv2%2Fcategories&post=3195"},{"taxonomy":"post_tag","embeddable":true,"href":"https:\/\/douazeci.ro\/index.php?rest_route=%2Fwp%2Fv2%2Ftags&post=3195"}],"curies":[{"name":"wp","href":"https:\/\/api.w.org\/{rel}","templated":true}]}}