{"id":3249,"date":"2022-03-07T09:46:49","date_gmt":"2022-03-07T09:46:49","guid":{"rendered":"https:\/\/douazeci.ro\/?p=3249"},"modified":"2022-03-07T09:59:01","modified_gmt":"2022-03-07T09:59:01","slug":"pfa-urile-si-asigurarile-sociale-de-sanatate","status":"publish","type":"post","link":"https:\/\/douazeci.ro\/?p=3249","title":{"rendered":"PFA-urile \u0219i asigur\u0103rile sociale de s\u0103n\u0103tate"},"content":{"rendered":"\n<p class=\"has-drop-cap\">Chiar dac\u0103 lucreaz\u0103 pe cont propriu, persoanele fizice autorizate (PFA) pot fi asigurate \u00een sistemul public de s\u0103n\u0103tate \u0219i pot beneficia de servicii medicale, la fel ca \u0219i salaria\u021bii. Totu\u0219i, indiferent dac\u0103 pl\u0103tesc contribu\u021bia de s\u0103n\u0103tate \u00een mod obligatoriu sau voluntar, PFA-urile vor putea primi indemniza\u021biile aferente concediilor medicale doar dac\u0103 achit\u0103 o contribu\u021bie suplimentar\u0103. Prezent\u0103m toate aceste detalii privind primirea indemniza\u021biilor de concediu medical de c\u0103tre PFA \u00een cele ce urmeaz\u0103.<\/p>\n\n\n\n<p>Din start, trebuie cunoscute regulile privind plata contribu\u021biei de asigur\u0103ri sociale de s\u0103n\u0103tate (CASS). \u00cen situa\u021bia \u00een care estimeaz\u0103 venituri lunare de p\u00e2n\u0103 \u00eentr-un salariu minim brut pe \u021bar\u0103 (2.550 lei \u00een 2022) sau venituri pentru tot anul 2022 de p\u00e2n\u0103 \u00een 30.600 lei, PFA-ul poate beneficia de servicii medicale de stat<strong>&nbsp;doar dac\u0103 se asigur\u0103, \u00een mod voluntar, la acest sistem<\/strong>. Aceast\u0103 asigurare voluntar\u0103 se face prin completarea declara\u021biei unice \u0219i pl\u0103tind contribu\u021bia la s\u0103n\u0103tate de 10% din valoarea a \u0219ase salarii minime brute pe \u021bar\u0103, respectiv 1.530 lei, dac\u0103&nbsp;declara\u021bia unic\u0103 este depus\u0103 p\u00e2n\u0103 \u00een data de 25 mai 2022.<\/p>\n\n\n\n<p>Dac\u0103 declara\u021bia unic\u0103 este depus\u0103 dup\u0103 25 mai, calculul se face \u00eenmul\u021bind lunile r\u0103mase din an cu salariul minim de 2.550 lei din care se scad cei 10% aferen\u021bi CASS. \u00cen ambele cazuri, plata contribu\u021biei trebuie s\u0103 se fac\u0103 o dat\u0103 cu depunerea declara\u021biei unice.<\/p>\n\n\n\n<p>Pentru PFA-urile care estimeaz\u0103 c\u0103 vor ob\u021bine venituri de peste 2.550 lei pe lun\u0103\/30.600 lei pe \u00eentreg anul 2022, cota de CASS se va calcula la valoarea estimat\u0103 care dep\u0103\u0219e\u0219te salariul minim brut.<\/p>\n\n\n\n<p>Dup\u0103 plata acestor contribu\u021bii la Fisc, este recomandat ca cei interesa\u021bi s\u0103 depun\u0103 o declara\u021bie la casa de asigur\u0103ri de s\u0103n\u0103tate de care apar\u021bin cum c\u0103 nu realizeaz\u0103 venituri, chitan\u021ba de la organul fiscal (prin care s\u0103 se dovedeasc\u0103 plata contribu\u021biei) \u0219i o copie dup\u0103 buletin\/cartea de identitate.<\/p>\n\n\n\n<h2 id=\"doar-plata-contributiei-de-concedii-medicale-de-1-din-venituri-confera-dreptul-la-plata-indemnizatiilor-medicale\" class=\"wp-block-heading\">Doar plata contribu\u021biei de concedii medicale de 1% din venituri confer\u0103 dreptul la plata indemniza\u021biilor medicale<\/h2>\n\n\n\n<p>Totu\u0219i, pentru a avea dreptul de a primi concedii medicale \u0219i indemniza\u021biile aferente, PFA-urile trebuie s\u0103 \u00eencheie cu casa de asigur\u0103ri unde sunt luate \u00een eviden\u021b\u0103 ca persoane asigurate&nbsp;<strong>un contract de asigurare pentru concedii \u0219i indemniza\u021bii<\/strong>, \u00een baza declara\u021biei fiscale depuse \u00een vederea pl\u0103\u021bii CASS.<\/p>\n\n\n\n<p>Contractul se \u00eenregistreaz\u0103 la casa de asigur\u0103ri de s\u0103n\u0103tate de care apar\u021bine PFA-ului \u0219i&nbsp;produce efecte de la data \u00eenregistr\u0103rii.<\/p>\n\n\n\n<p>OUG 158\/2005 prevede c\u0103 aceast\u0103 contribu\u021bie suplimentar\u0103 &#8211; pentru concedii \u0219i indemniza\u021bii medicale &#8211;&nbsp;<strong>const\u0103 \u00een plata lunar\u0103 a 1% din venitul lunar<\/strong>, care nu poate fi mai mic de valoarea salariului minim brut \u0219i nici mai mare de trei salarii minim brute, cu excep\u021bia concediilor de maternitate.<\/p>\n\n\n\n<p>PFA-urile care vor s\u0103 primeasc\u0103 concedii medicale de maternitate (sarcin\u0103 \u0219i l\u0103uzie) \u0219i indemniza\u021biile aferente vor avea de plat\u0103 un procent de 1% din venitul lunar ales care nu poate fi mai mic de 2.550 lei \u0219i nici mai mare de 30.600 lei.<\/p>\n\n\n\n<p>Contribu\u021bia \u00een baza contractului de asigurare pentru concedii \u0219i indemniza\u021bie trebuie pl\u0103tit\u0103 lunar, aplic\u00e2nd cota de 1% asupra venitului lunar ales \u00eenscris \u00een contract, p\u00e2n\u0103 \u00een data de 25 inclusiv a lunii urm\u0103toare celei pentru care se datoreaz\u0103.<\/p>\n\n\n\n<p><strong>Important!<\/strong>&nbsp;Nicio prevedere nu oblig\u0103 PFA-ul s\u0103-\u0219i fac\u0103 asigurare pentru concedii medicale cu statul \u0219i s\u0103 pl\u0103teasc\u0103 acel procent lunar de 1%. Dac\u0103 PFA-ul se poate reg\u0103si \u00een obliga\u021bia de a pl\u0103ti CASS, s\u0103 zicem, pentru c\u0103 are venituri de peste 30.600 de lei \u00een 2022, asta nu-l oblig\u0103 s\u0103-\u0219i pl\u0103teasc\u0103 \u0219i acest 1% pentru concedii medicale. Asigurarea este pur facultativ\u0103, \u00eens\u0103 \u00een lipsa ei nu va putea primi indemniza\u021bia de concediu medical \u00een cazul \u00een care activitatea sa se \u00eentrerupe pe motive medicale.<\/p>\n\n\n\n<h2 id=\"care-sunt-concediile-medicale-la-care-au-dreptul-titularii-pfa\" class=\"wp-block-heading\">Care sunt concediile medicale la care au dreptul titularii PFA<\/h2>\n\n\n\n<p>Ca \u0219i salaria\u021bii, PFA-urile asigurate la s\u0103n\u0103tate \u0219i care pl\u0103tesc contribu\u021bia de 1%, \u00een urma \u00eencheierii unui contract de asigurare cu o cas\u0103 de s\u0103n\u0103tate, au dreptul la urm\u0103toarele:<\/p>\n\n\n\n<ul class=\"is-style-cnvs-list-styled wp-block-list\"><li>concedii medicale \u0219i indemniza\u021bii pentru incapacitate temporar\u0103 de munc\u0103, cauzat\u0103 de boli obi\u0219nuite sau de accidente \u00een afara muncii;<\/li><li>concedii medicale \u0219i indemniza\u021bii pentru prevenirea \u00eemboln\u0103virilor \u0219i recuperarea capacit\u0103\u021bii de munc\u0103, exclusiv pentru situa\u021biile rezultate ca urmare a unor accidente de munc\u0103 sau boli profesionale;<\/li><li>concedii medicale \u0219i indemniza\u021bii pentru maternitate;<\/li><li>concedii medicale \u0219i indemniza\u021bii pentru \u00eengrijirea copilului bolnav;<\/li><li>concedii medicale \u0219i indemniza\u021bii de risc maternal.<\/li><\/ul>\n\n\n\n<p>Indemniza\u021biile se acord\u0103&nbsp;\u00een acela\u0219i procentaj ca \u0219i \u00een cazul salaria\u021bilor, iar baza de calcul o reprezint\u0103:<\/p>\n\n\n\n<ul class=\"is-style-cnvs-list-styled wp-block-list\"><li>media veniturilor asigurate \u00eenscrise \u00een contractul de asigurare din ultimele \u0219ase luni din cele 12 luni, \u00eens\u0103 indemniza\u021bia pl\u0103tit\u0103 nu poate dep\u0103\u0219i&nbsp;<strong>trei salarii minime brute<\/strong>;<\/li><li>media veniturilor lunare asigurate \u00een contractul de asigurare, dac\u0103 perioada este mai mic\u0103 de \u0219ase luni, sau venitul lunar din prima lun\u0103 de asigurare, dup\u0103 caz.<\/li><\/ul>\n\n\n\n<p>Nu este necesar un stagiu de asigurare de minim \u0219ase luni pentru concediile medicale eliberate pentru urgen\u021be medico-chirurgicale, tuberculoz\u0103, boli infectocontagioase din grupa A pentru care se poate stabili carantina sau izolarea, neoplazii sau SIDA.<\/p>\n\n\n\n<p>Pentru a putea primi indemniza\u021bia aferent\u0103 concediului medical primit, un PFA trebuie s\u0103 transmit\u0103 casei de asigur\u0103ri de s\u0103n\u0103tate de care apar\u021bine, p\u00e2n\u0103 \u00een data de 5 a lunii urm\u0103toare celei pentru care a fost acordat concediu, cererea-tip privind solicitarea indemniza\u021biei, precum \u0219i certificatul de concediu medical (at\u00e2t foaia alb\u0103, c\u00e2t \u0219i cea roz). Copii ale certificatului de concediu medical pot fi transmise casei de asigur\u0103ri \u0219i prin mijloace la distan\u021b\u0103 (po\u0219t\u0103 sau email), \u00eens\u0103 formularele trebuie depuse \u00een original la institu\u021bia de care apar\u021bine asiguratul \u00een termen de 30 de zile de la data eliber\u0103rii acestora.<\/p>\n\n\n\n<p>\u00cen cazul concediilor medicale eliberate pentru sarcin\u0103 \u0219i l\u0103uzie, pentru perioada de internare \u00een spital, imobilizare \u00een sisteme specifice aparatului locomotor, carantin\u0103\/izolare, afec\u021biuni oncologice sau a altor tipuri, pentru care certificatul se poate elibera \u0219i \u00een alt\u0103 lun\u0103 dec\u00e2t cea \u00een care a ap\u0103rut afec\u021biunea, formularele trebuie depuse p\u00e2n\u0103 cel t\u00e2rziu la sf\u00e2r\u0219itul lunii \u00een care au fost eliberate.<\/p>\n\n\n\n<h2 id=\"concediul-si-indemnizatia-pentru-cresterea-copilului-nu-au-legatura-cu-plata-cass-ului\" class=\"wp-block-heading\">Concediul \u0219i indemniza\u021bia pentru cre\u0219terea copilului&nbsp;nu&nbsp;au leg\u0103tura cu plata CASS-ului<\/h2>\n\n\n\n<p>Abord\u0103m \u0219i subiectul concediului acordat pentru cre\u0219terea copilului (CCC) p\u00e2n\u0103 la v\u00e2rsta de 2 ani, respectiv 3 ani pentru cei cu dizabilit\u0103\u021bi, deoarece exist\u0103 o confuzie privind de leg\u0103tura dintre plata CASS \u0219i indemniza\u021bia de CCC.<\/p>\n\n\n\n<p>Mai exact, indemniza\u021bia de CCC se acord\u0103 dac\u0103 persoana care cere acest lucru a primit venituri impozabile declarate organelor fiscale, adic\u0103 supuse impozitului pe venit de 10%, indiferent dac\u0103 exist\u0103 sau nu obliga\u021bia pl\u0103\u021bii contribu\u021biei la s\u0103n\u0103tate sau pensii.<\/p>\n\n\n\n<p>Indemniza\u021bia pentru concediul de cre\u0219tere a copilului reprezint\u0103 85% din media veniturilor nete din cel pu\u021bin 12 luni din ultimii doi ani \u00eenainte de na\u0219terea copilului.&nbsp;<\/p>\n\n\n\n<p>La calculul indemniza\u021biei de CCC pe care o poate primi un PFA se iau \u00een considerare \u0219i sumele primite pentru concediul de maternitate, atestate printr-o adeverin\u021b\u0103 eliberat\u0103 de casa de asigur\u0103ri de s\u0103n\u0103tate de care apar\u021bine.<\/p>\n","protected":false},"excerpt":{"rendered":"Chiar dac\u0103 lucreaz\u0103 pe cont propriu, persoanele fizice autorizate (PFA) pot fi asigurate \u00een sistemul public de s\u0103n\u0103tate&hellip;\n","protected":false},"author":1,"featured_media":3257,"comment_status":"closed","ping_status":"open","sticky":false,"template":"","format":"standard","meta":{"footnotes":""},"categories":[6],"tags":[],"class_list":{"0":"post-3249","1":"post","2":"type-post","3":"status-publish","4":"format-standard","5":"has-post-thumbnail","7":"category-tineri-antreprenori"},"_links":{"self":[{"href":"https:\/\/douazeci.ro\/index.php?rest_route=\/wp\/v2\/posts\/3249","targetHints":{"allow":["GET"]}}],"collection":[{"href":"https:\/\/douazeci.ro\/index.php?rest_route=\/wp\/v2\/posts"}],"about":[{"href":"https:\/\/douazeci.ro\/index.php?rest_route=\/wp\/v2\/types\/post"}],"author":[{"embeddable":true,"href":"https:\/\/douazeci.ro\/index.php?rest_route=\/wp\/v2\/users\/1"}],"replies":[{"embeddable":true,"href":"https:\/\/douazeci.ro\/index.php?rest_route=%2Fwp%2Fv2%2Fcomments&post=3249"}],"version-history":[{"count":4,"href":"https:\/\/douazeci.ro\/index.php?rest_route=\/wp\/v2\/posts\/3249\/revisions"}],"predecessor-version":[{"id":3253,"href":"https:\/\/douazeci.ro\/index.php?rest_route=\/wp\/v2\/posts\/3249\/revisions\/3253"}],"wp:featuredmedia":[{"embeddable":true,"href":"https:\/\/douazeci.ro\/index.php?rest_route=\/wp\/v2\/media\/3257"}],"wp:attachment":[{"href":"https:\/\/douazeci.ro\/index.php?rest_route=%2Fwp%2Fv2%2Fmedia&parent=3249"}],"wp:term":[{"taxonomy":"category","embeddable":true,"href":"https:\/\/douazeci.ro\/index.php?rest_route=%2Fwp%2Fv2%2Fcategories&post=3249"},{"taxonomy":"post_tag","embeddable":true,"href":"https:\/\/douazeci.ro\/index.php?rest_route=%2Fwp%2Fv2%2Ftags&post=3249"}],"curies":[{"name":"wp","href":"https:\/\/api.w.org\/{rel}","templated":true}]}}